{"id":12009,"date":"2020-06-11T15:45:50","date_gmt":"2020-06-11T14:45:50","guid":{"rendered":"http:\/\/www.e-takescare.com\/?p=12009"},"modified":"2024-12-16T11:37:33","modified_gmt":"2024-12-16T10:37:33","slug":"deconfinement-restez-vigilant-et-surveillez-vos-symptomes","status":"publish","type":"post","link":"https:\/\/www.e-takescare.com\/en\/blog\/child-health\/deconfinement-restez-vigilant-et-surveillez-vos-symptomes","title":{"rendered":"De-confinement : stay alert and monitor your symptoms."},"content":{"rendered":"<p><\/p>\n<blockquote><p><em>In this time of de-confinement, we are going back to work and our children are going back to school. However, we must remain vigilant and keep monitoring for the possible appearance of Covid-19 symptoms.<\/em><\/p><\/blockquote>\n<p><!--more--><\/p>\n<p>The two main signs are fever and cough.<\/p>\n<p><iframe loading=\"lazy\" src=\"https:\/\/www.youtube.com\/embed\/t6xYL3VdYG0\" width=\"853\" height=\"480\" frameborder=\"0\" allowfullscreen=\"allowfullscreen\"><\/iframe><\/p>\n<p>If you experience unusual symptoms but no breathing difficulties, the key is to stay home and limit your interactions with those around you.<\/p>\n<h4><span style=\"color: #ff9900;\"><strong>I have a fever, how can I keep tracking this symptom in a period of de-confinement? <\/strong><\/span><\/h4>\n<p><a href=\"http:\/\/www.e-takescare.com\/en\/produit\/tucky\">Remote monitoring solutions<\/a> are experiencing strong growth during this period.<\/p>\n<p>Wearable patch thermometers such as <a href=\"http:\/\/www.e-takescare.com\/en\/produit\/tucky\">Tucky<\/a> will allow you to <strong>continuously monitor your temperature and one of your family, your children and even adults or the elderly, wherever you are !<\/strong><\/p>\n<p>With a simple gesture, access your temperature data 24 hours a day and react as quickly as possible.<\/p>\n<p>Fever persists? Consult a healthcare professional and show your temperature history to help the medical diagnosis.<\/p>\n<p>&nbsp;<\/p>\n<p>SOURCES :<\/p>\n<p>Ministry of Health: <a href=\"https:\/\/solidarites-sante.gouv.fr\/IMG\/pdf\/fiche_grand_public.pdf\">Read the document<\/a><\/p>\n<p>Government.fr : <a href=\"https:\/\/www.gouvernement.fr\/info-coronavirus\">Read the article<\/a><\/p>\n<p>Solidarity and Health.gov : <a href=\"https:\/\/solidarites-sante.gouv.fr\/IMG\/pdf\/dgos_telemedecine_etapes_rapport_parlement.pdf\">Read the report<\/a><\/p>\n<p>Public Health France : <a href=\"https:\/\/www.santepubliquefrance.fr\/maladies-et-traumatismes\/maladies-et-infections-respiratoires\/infection-a-coronavirus\/documents\/affiche\/alerte-coronavirus-que-faire-face-aux-premiers-signes-affiche-62x100-francais\">See the poster<\/a><\/p>\n<p>World Health Organization : <a href=\"https:\/\/www.who.int\/fr\/emergencies\/diseases\/novel-coronavirus-2019?gclid=EAIaIQobChMIvq2Dg-376QIVSPlRCh3F6Q99EAAYASAAEgIkhvD_BwE\">Read the article<\/a><\/p>","protected":false},"excerpt":{"rendered":"<p>Sorry, this entry is only available in Fran\u00e7ais. For the sake of viewer convenience, the content is shown below in the alternative language. You may click the link to switch the active language. En cette p\u00e9riode de d\u00e9confinement, nous reprenons le travail et nos enfants, l&#8217;\u00e9cole. Attention toutefois \u00e0 rester vigilant et \u00e0 surveiller l&#8217;\u00e9ventuelle&hellip;<\/p>\n","protected":false},"author":2,"featured_media":12016,"comment_status":"closed","ping_status":"open","sticky":false,"template":"","format":"standard","meta":{"footnotes":""},"categories":[173],"tags":[],"table_tags":[],"class_list":["post-12009","post","type-post","status-publish","format-standard","has-post-thumbnail","hentry","category-child-health"],"_links":{"self":[{"href":"https:\/\/www.e-takescare.com\/en\/wp-json\/wp\/v2\/posts\/12009","targetHints":{"allow":["GET"]}}],"collection":[{"href":"https:\/\/www.e-takescare.com\/en\/wp-json\/wp\/v2\/posts"}],"about":[{"href":"https:\/\/www.e-takescare.com\/en\/wp-json\/wp\/v2\/types\/post"}],"author":[{"embeddable":true,"href":"https:\/\/www.e-takescare.com\/en\/wp-json\/wp\/v2\/users\/2"}],"replies":[{"embeddable":true,"href":"https:\/\/www.e-takescare.com\/en\/wp-json\/wp\/v2\/comments?post=12009"}],"version-history":[{"count":7,"href":"https:\/\/www.e-takescare.com\/en\/wp-json\/wp\/v2\/posts\/12009\/revisions"}],"predecessor-version":[{"id":12022,"href":"https:\/\/www.e-takescare.com\/en\/wp-json\/wp\/v2\/posts\/12009\/revisions\/12022"}],"wp:featuredmedia":[{"embeddable":true,"href":"https:\/\/www.e-takescare.com\/en\/wp-json\/wp\/v2\/media\/12016"}],"wp:attachment":[{"href":"https:\/\/www.e-takescare.com\/en\/wp-json\/wp\/v2\/media?parent=12009"}],"wp:term":[{"taxonomy":"category","embeddable":true,"href":"https:\/\/www.e-takescare.com\/en\/wp-json\/wp\/v2\/categories?post=12009"},{"taxonomy":"post_tag","embeddable":true,"href":"https:\/\/www.e-takescare.com\/en\/wp-json\/wp\/v2\/tags?post=12009"},{"taxonomy":"table_tags","embeddable":true,"href":"https:\/\/www.e-takescare.com\/en\/wp-json\/wp\/v2\/table_tags?post=12009"}],"curies":[{"name":"wp","href":"https:\/\/api.w.org\/{rel}","templated":true}]}}