{"id":12233,"date":"2020-08-31T14:47:35","date_gmt":"2020-08-31T13:47:35","guid":{"rendered":"http:\/\/www.e-takescare.com\/?p=12233"},"modified":"2024-12-16T11:37:32","modified_gmt":"2024-12-16T10:37:32","slug":"back-to-school-france-spain-england","status":"publish","type":"post","link":"https:\/\/www.e-takescare.com\/en\/blog\/child-health\/back-to-school-france-spain-england","title":{"rendered":"Back to school in France, Spain and England"},"content":{"rendered":"<p><\/p>\n<blockquote><p><em><strong>Goodbye holidays ! Hello back-to-school time for children !\u00a0<\/strong>It is in an unprecedented sanitary context that millions of French, Spanish and British pupils are going back to school. To limit the spread of the virus and reassure parents, pupils and teachers, governments are getting organised and\u00a0are submitting their health protocols. If they agree on the need for a return to school, they are distinguished by the measures announced.<\/em><\/p><\/blockquote>\n<p><!--more--><\/p>\n<h2>Is going back to school mandatory?<\/h2>\n<div class=\"wptb-table-container wptb-table-12273\"><div class=\"wptb-table-container-matrix\" id=\"wptb-table-id-12273\" data-wptb-version=\"1.6.4\" data-wptb-pro-status=\"false\"><table class=\"wptb-preview-table wptb-element-main-table_setting-12273\" data-reconstraction=\"1\" style=\"border: 5px solid rgb(106, 172, 218);\" data-wptb-table-tds-sum-max-width=\"140\" data-wptb-cells-width-auto-count=\"1\" data-wptb-header-background-color=\"#ffffff\" data-wptb-even-row-background-color=\"#ffffff\" data-table-columns=\"1\"><tbody><tr class=\"wptb-row\" style=\"background-color: rgb(255, 255, 255);\"><td class=\"wptb-cell\" style=\"border-width: 5px; border-style: solid; border-color: rgb(106, 172, 218);\" data-wptb-css-td-auto-width=\"true\"><div class=\"wptb-text-container wptb-ph-element wptb-element-text-1\" style=\"font-size: 19px; color: rgb(238, 127, 0);\"><div class=\"\" style=\"position: relative;\"><p style=\"text-align: center;\"><strong>FRANCE \/ <\/strong><strong>SPAIN \/ ENGLAND<\/strong><\/p><\/div><\/div><\/td><\/tr><tr class=\"wptb-row\" style=\"background-color: rgb(255, 255, 255);\"><td class=\"wptb-cell\" style=\"border-width: 5px; border-style: solid; border-color: rgb(106, 172, 218);\" data-wptb-css-td-auto-width=\"true\"><div class=\"wptb-text-container wptb-ph-element wptb-element-text-2\"><div class=\"\" style=\"position: relative;\"><p>Yes, with the exception of:<\/p><\/div><\/div><div class=\"wptb-list-container wptb-ph-element wptb-element-list-1\"><ul>            <li class=\"wptb-in-element\">                <div class=\"wptb-list-item-content\" style=\"position: relative;\"><p data-list-style-type-index=\"1.\">Children who have symptoms&nbsp;<\/p><\/div>            <\/li>            <li class=\"wptb-in-element\">                <div class=\"wptb-list-item-content\" style=\"position: relative;\"><p data-list-style-type-index=\"2.\">Children who have been in contact with somone who have symptoms<\/p><\/div>            <\/li>            <li class=\"wptb-in-element\">                <div class=\"wptb-list-item-content\" style=\"position: relative;\"><p data-list-style-type-index=\"3.\">Contrary opinion of the attending physician<\/p><\/div>            <\/li>        <\/ul><\/div><\/td><\/tr><\/tbody><\/table><\/div><\/div>\n\n<p>&nbsp;<\/p>\n<h2 class=\"story-body__crosshead\">Will my children have to wear face coverings?<\/h2>\n<div class=\"wptb-table-container wptb-table-12274\"><div class=\"wptb-table-container-matrix\" id=\"wptb-table-id-12274\" data-wptb-version=\"1.6.4\" data-wptb-pro-status=\"false\"><table class=\"wptb-preview-table wptb-element-main-table_setting-12274\" data-reconstraction=\"1\" style=\"border: 5px solid rgb(106, 172, 218);\" data-wptb-table-tds-sum-max-width=\"410\" data-wptb-cells-width-auto-count=\"3\" data-wptb-header-background-color=\"#ffffff\" data-wptb-even-row-background-color=\"#ffffff\" data-table-columns=\"3\"><tbody><tr class=\"wptb-row\" style=\"background-color: rgb(255, 255, 255);\"><td class=\"wptb-cell\" style=\"border-width: 5px; border-color: rgb(106, 172, 218); border-style: solid;\" data-wptb-css-td-auto-width=\"true\"><div class=\"wptb-text-container wptb-ph-element wptb-element-text-1\" style=\"font-size: 20px; color: rgb(238, 127, 0);\"><div class=\"\" style=\"position: relative;\"><p style=\"text-align: center;\"><strong>FRANCE<\/strong><\/p><\/div><\/div><\/td><td class=\"wptb-cell\" style=\"border-width: 5px; border-color: rgb(106, 172, 218); border-style: solid;\" data-wptb-css-td-auto-width=\"true\"><div class=\"wptb-text-container wptb-ph-element wptb-element-text-2\" style=\"font-size: 20px; color: rgb(238, 127, 0);\"><div class=\"\" style=\"position: relative;\"><strong>&nbsp; &nbsp; &nbsp; &nbsp; &nbsp; &nbsp; SPAIN<\/strong><\/div><\/div><\/td><td class=\"wptb-cell\" style=\"border-width: 5px; border-color: rgb(106, 172, 218); border-style: solid;\" data-wptb-css-td-auto-width=\"true\"><div class=\"wptb-text-container wptb-ph-element wptb-element-text-3\" style=\"font-size: 20px; color: rgb(238, 127, 0);\"><div class=\"\" style=\"position: relative;\"><p style=\"text-align: center;\"><strong>ENGLAND<\/strong><\/p><\/div><\/div><\/td><\/tr><tr class=\"wptb-row\" style=\"background-color: rgb(255, 255, 255);\"><td class=\"wptb-cell\" style=\"border-width: 5px; border-color: rgb(106, 172, 218); border-style: solid;\" data-wptb-css-td-auto-width=\"true\"><div class=\"wptb-text-container wptb-ph-element wptb-element-text-4\"><div class=\"\" style=\"position: relative;\"><p>Pupils over 11 years old have to wear face covering.<br><br>Your child will have to wear face covering:<br><\/p><\/div><\/div><div class=\"wptb-list-container wptb-ph-element wptb-element-list-1\"><ul>            <li class=\"wptb-in-element\">                <div class=\"wptb-list-item-content\" style=\"position: relative;\"><p data-list-style-type-index=\"1.\">In classrooms<\/p><\/div>            <\/li>            <li class=\"wptb-in-element\">                <div class=\"wptb-list-item-content\" style=\"position: relative;\"><p data-list-style-type-index=\"2.\">In corridors&nbsp;<\/p><\/div>            <\/li>            <li class=\"wptb-in-element\">                <div class=\"wptb-list-item-content\" style=\"position: relative;\"><p data-list-style-type-index=\"3.\">During breaks<\/p><\/div>            <\/li>        <\/ul><\/div><\/td><td class=\"wptb-cell\" style=\"border-width: 5px; border-color: rgb(106, 172, 218); border-style: solid;\" data-wptb-css-td-auto-width=\"true\"><div class=\"wptb-text-container wptb-ph-element wptb-element-text-5\"><div class=\"\" style=\"position: relative;\"><p>Pupils over 6 years old have to wear face coverings.&nbsp;<\/p><\/div><\/div><\/td><td class=\"wptb-cell\" style=\"border-width: 5px; border-color: rgb(106, 172, 218); border-style: solid;\" data-wptb-css-td-auto-width=\"true\"><div class=\"wptb-text-container wptb-ph-element wptb-element-text-6\"><div class=\"\" style=\"position: relative;\"><p>Pupils over 11 years old&nbsp; have to&nbsp;wear face coverings in school corridors in local lockdown areas.&nbsp;<br><br>Pupils do not need to wear face coverings in classrooms.&nbsp;<\/p><\/div><\/div><\/td><\/tr><\/tbody><\/table><\/div><\/div>\n\n<p>&nbsp;<\/p>\n<h2>SHOULD SCHOOLS APPLY SOCIAL DISTANCING?<\/h2>\n<div class=\"wptb-table-container wptb-table-12275\"><div class=\"wptb-table-container-matrix\" id=\"wptb-table-id-12275\" data-wptb-version=\"1.6.4\" data-wptb-pro-status=\"false\"><table class=\"wptb-preview-table wptb-element-main-table_setting-12274\" data-reconstraction=\"1\" style=\"border: 5px solid rgb(106, 172, 218);\" data-wptb-table-tds-sum-max-width=\"410\" data-wptb-cells-width-auto-count=\"3\" data-wptb-header-background-color=\"#ffffff\" data-wptb-even-row-background-color=\"#ffffff\" data-table-columns=\"3\"><tbody><tr class=\"wptb-row\" style=\"background-color: rgb(255, 255, 255);\"><td class=\"wptb-cell\" style=\"border-width: 5px; border-color: rgb(106, 172, 218); border-style: solid;\" data-wptb-css-td-auto-width=\"true\"><div class=\"wptb-text-container wptb-ph-element wptb-element-text-1\" style=\"font-size: 20px; color: rgb(238, 127, 0);\"><div class=\"\" style=\"position: relative;\"><p style=\"text-align: center;\"><strong>FRANCE<\/strong><\/p><\/div><\/div><\/td><td class=\"wptb-cell\" style=\"border-width: 5px; border-color: rgb(106, 172, 218); border-style: solid;\" data-wptb-css-td-auto-width=\"true\"><div class=\"wptb-text-container wptb-ph-element wptb-element-text-2\" style=\"font-size: 20px; color: rgb(238, 127, 0);\"><div class=\"\" style=\"position: relative;\"><strong>&nbsp; &nbsp; &nbsp; &nbsp; &nbsp; &nbsp; SPAIN<\/strong><\/div><\/div><\/td><td class=\"wptb-cell\" style=\"border-width: 5px; border-color: rgb(106, 172, 218); border-style: solid;\" data-wptb-css-td-auto-width=\"true\"><div class=\"wptb-text-container wptb-ph-element wptb-element-text-3\" style=\"font-size: 20px; color: rgb(238, 127, 0);\"><div class=\"\" style=\"position: relative;\"><p style=\"text-align: center;\"><strong>ENGLAND<\/strong><\/p><\/div><\/div><\/td><\/tr><tr class=\"wptb-row\" style=\"background-color: rgb(255, 255, 255);\"><td class=\"wptb-cell\" style=\"border-width: 5px; border-color: rgb(106, 172, 218); border-style: solid;\" data-wptb-css-td-auto-width=\"true\"><div class=\"wptb-text-container wptb-ph-element wptb-element-text-4\"><div class=\"\" style=\"position: relative;\"><p>Social distancing is not mandatory.<br><br>However, it is still recommended when it is materially possible.<\/p><\/div><\/div><\/td><td class=\"wptb-cell\" style=\"border-width: 5px; border-color: rgb(106, 172, 218); border-style: solid;\" data-wptb-css-td-auto-width=\"true\"><div class=\"wptb-text-container wptb-ph-element wptb-element-text-6\"><div class=\"\" style=\"position: relative;\"><p>For middle and high school students, social distancing is mandatory. Indeed, the tables in the rooms are spaced 1.5m apart.<br><br>For kindergartens and primary schools, \"bubble\" groups are created. The aim is to limit contacts. Contacts are possible only within the same \"bubble\" group.&nbsp;<\/p><\/div><\/div><\/td><td class=\"wptb-cell\" style=\"border-width: 5px; border-color: rgb(106, 172, 218); border-style: solid;\" data-wptb-css-td-auto-width=\"true\"><div class=\"wptb-text-container wptb-ph-element wptb-element-text-5\"><div class=\"\" style=\"position: relative;\"><p>Social distancing is not mandatory.<br><br>However, it is still recommended when it is materially possible.<\/p><\/div><\/div><\/td><\/tr><\/tbody><\/table><\/div><\/div>\n\n<p>&nbsp;<\/p>\n<h2>HOW OFTEN SHOULD STUDENTS WASH THEIR HANDS?<\/h2>\n<div class=\"wptb-table-container wptb-table-12276\"><div class=\"wptb-table-container-matrix\" id=\"wptb-table-id-12276\" data-wptb-version=\"1.6.4\" data-wptb-pro-status=\"false\"><table class=\"wptb-preview-table wptb-element-main-table_setting-12274\" data-reconstraction=\"1\" style=\"border: 5px solid rgb(106, 172, 218);\" data-wptb-table-tds-sum-max-width=\"410\" data-wptb-cells-width-auto-count=\"3\" data-wptb-header-background-color=\"#ffffff\" data-wptb-even-row-background-color=\"#ffffff\" data-table-columns=\"3\"><tbody><tr class=\"wptb-row\" style=\"background-color: rgb(255, 255, 255);\"><td class=\"wptb-cell\" style=\"border-width: 5px; border-color: rgb(106, 172, 218); border-style: solid;\" data-wptb-css-td-auto-width=\"true\"><div class=\"wptb-text-container wptb-ph-element wptb-element-text-1\" style=\"font-size: 20px; color: rgb(238, 127, 0);\"><div class=\"\" style=\"position: relative;\"><p style=\"text-align: center;\"><strong>FRANCE<\/strong><\/p><\/div><\/div><\/td><td class=\"wptb-cell\" style=\"border-width: 5px; border-color: rgb(106, 172, 218); border-style: solid;\" data-wptb-css-td-auto-width=\"true\"><div class=\"wptb-text-container wptb-ph-element wptb-element-text-2\" style=\"font-size: 20px; color: rgb(238, 127, 0);\"><div class=\"\" style=\"position: relative;\"><strong>&nbsp; &nbsp; &nbsp; &nbsp; &nbsp; &nbsp; SPAIN<\/strong><\/div><\/div><\/td><td class=\"wptb-cell\" style=\"border-width: 5px; border-color: rgb(106, 172, 218); border-style: solid;\" data-wptb-css-td-auto-width=\"true\"><div class=\"wptb-text-container wptb-ph-element wptb-element-text-3\" style=\"font-size: 20px; color: rgb(238, 127, 0);\"><div class=\"\" style=\"position: relative;\"><p style=\"text-align: center;\"><strong>ENGLAND<\/strong><\/p><\/div><\/div><\/td><\/tr><tr class=\"wptb-row\" style=\"background-color: rgb(255, 255, 255);\"><td class=\"wptb-cell\" style=\"border-width: 5px; border-color: rgb(106, 172, 218); border-style: solid;\" data-wptb-css-td-auto-width=\"true\"><div class=\"wptb-text-container wptb-ph-element wptb-element-text-4\"><div class=\"\" style=\"position: relative;\"><p>Students must wash their hands at least:<\/p><\/div><\/div><div class=\"wptb-list-container wptb-ph-element wptb-element-list-1\"><ul>            <li class=\"wptb-in-element\">                <div class=\"wptb-list-item-content\" style=\"position: relative;\"><p data-list-style-type-index=\"1.\">When they arrive at school<\/p><\/div>            <\/li>            <li class=\"wptb-in-element\">                <div class=\"wptb-list-item-content\" style=\"position: relative;\"><p data-list-style-type-index=\"2.\">Before lunch<\/p><\/div>            <\/li>            <li class=\"wptb-in-element\">                <div class=\"wptb-list-item-content\" style=\"position: relative;\"><p data-list-style-type-index=\"3.\">After going to the toilets&nbsp;<\/p><\/div>            <\/li><li class=\"wptb-in-element\">                <div class=\"wptb-list-item-content\" style=\"position: relative;\"><p data-list-style-type-index=\"4.\">Before going home<\/p><\/div>            <\/li>        <\/ul><\/div><\/td><td class=\"wptb-cell\" style=\"border-width: 5px; border-color: rgb(106, 172, 218); border-style: solid;\" data-wptb-css-td-auto-width=\"true\"><div class=\"wptb-text-container wptb-ph-element wptb-element-text-5\"><div class=\"\" style=\"position: relative;\"><p>Students must wash their hands at least 5 times a day.&nbsp;<\/p><\/div><\/div><\/td><td class=\"wptb-cell\" style=\"border-width: 5px; border-color: rgb(106, 172, 218); border-style: solid;\" data-wptb-css-td-auto-width=\"true\"><div class=\"wptb-text-container wptb-ph-element wptb-element-text-6\"><div class=\"\" style=\"position: relative;\"><p>Students must wash their hands at least:<\/p><\/div><\/div><div class=\"wptb-list-container wptb-ph-element wptb-element-list-2\"><ul>            <li class=\"wptb-in-element\">                <div class=\"wptb-list-item-content\" style=\"position: relative;\"><p data-list-style-type-index=\"1.\">When they arrive at school<\/p><\/div>            <\/li>            <li class=\"wptb-in-element\">                <div class=\"wptb-list-item-content\" style=\"position: relative;\"><p data-list-style-type-index=\"2.\">Before and after lunch<\/p><\/div>            <\/li>            <li class=\"wptb-in-element\">                <div class=\"wptb-list-item-content\" style=\"position: relative;\"><p data-list-style-type-index=\"3.\">After breaks<\/p><\/div>            <\/li><li class=\"wptb-in-element\">                <div class=\"wptb-list-item-content\" style=\"position: relative;\"><p data-list-style-type-index=\"4.\">When children move from a classroom to an other<\/p><\/div>            <\/li>        <\/ul><\/div><\/td><\/tr><\/tbody><\/table><\/div><\/div>\n\n<p>&nbsp;<\/p>\n<h2>WILL YOUR CHILDREN&#8217;S TEMPERATURE BE TAKEN AT THE ENTRANCE OF SCHOOLS?<\/h2>\n<div class=\"wptb-table-container wptb-table-12277\"><div class=\"wptb-table-container-matrix\" id=\"wptb-table-id-12277\" data-wptb-version=\"1.6.4\" data-wptb-pro-status=\"false\"><table class=\"wptb-preview-table wptb-element-main-table_setting-12274\" data-reconstraction=\"1\" style=\"border: 5px solid rgb(106, 172, 218);\" data-wptb-table-tds-sum-max-width=\"410\" data-wptb-cells-width-auto-count=\"3\" data-wptb-header-background-color=\"#ffffff\" data-wptb-even-row-background-color=\"#ffffff\" data-table-columns=\"3\"><tbody><tr class=\"wptb-row\" style=\"background-color: rgb(255, 255, 255);\"><td class=\"wptb-cell\" style=\"border-width: 5px; border-color: rgb(106, 172, 218); border-style: solid;\" data-wptb-css-td-auto-width=\"true\"><div class=\"wptb-text-container wptb-ph-element wptb-element-text-1\" style=\"font-size: 20px; color: rgb(238, 127, 0);\"><div class=\"\" style=\"position: relative;\"><p style=\"text-align: center;\"><strong>FRANCE<\/strong><\/p><\/div><\/div><\/td><td class=\"wptb-cell\" style=\"border-width: 5px; border-color: rgb(106, 172, 218); border-style: solid;\" data-wptb-css-td-auto-width=\"true\"><div class=\"wptb-text-container wptb-ph-element wptb-element-text-2\" style=\"font-size: 20px; color: rgb(238, 127, 0);\"><div class=\"\" style=\"position: relative;\"><strong>&nbsp; &nbsp; &nbsp; &nbsp; &nbsp; &nbsp; SPAIN<\/strong><\/div><\/div><\/td><td class=\"wptb-cell\" style=\"border-width: 5px; border-color: rgb(106, 172, 218); border-style: solid;\" data-wptb-css-td-auto-width=\"true\"><div class=\"wptb-text-container wptb-ph-element wptb-element-text-3\" style=\"font-size: 20px; color: rgb(238, 127, 0);\"><div class=\"\" style=\"position: relative;\"><p style=\"text-align: center;\"><strong>ENGLAND<\/strong><\/p><\/div><\/div><\/td><\/tr><tr class=\"wptb-row\" style=\"background-color: rgb(255, 255, 255);\"><td class=\"wptb-cell\" style=\"border-width: 5px; border-color: rgb(106, 172, 218); border-style: solid;\" data-wptb-css-td-auto-width=\"true\"><div class=\"wptb-text-container wptb-ph-element wptb-element-text-4\"><div class=\"\" style=\"position: relative;\">The temperature will not necessarily be taken at the entrance of the establishment.<br><br>However, it is recommended that parents take their children's temperature regularly.<\/div><\/div><\/td><td class=\"wptb-cell\" style=\"border-width: 5px; border-color: rgb(106, 172, 218); border-style: solid;\" data-wptb-css-td-auto-width=\"true\"><div class=\"wptb-text-container wptb-ph-element wptb-element-text-5\"><div class=\"\" style=\"position: relative;\"><p>The temperature will be taken every morning at the entrance of the establishment.<br><br>Similarly, parents are invited to regularly monitor their children's temperature.&nbsp;<\/p><\/div><\/div><\/td><td class=\"wptb-cell\" style=\"border-width: 5px; border-color: rgb(106, 172, 218); border-style: solid;\" data-wptb-css-td-auto-width=\"true\"><div class=\"wptb-text-container wptb-ph-element wptb-element-text-6\"><div class=\"\" style=\"position: relative;\"><p>The temperature will not necessarily be taken at the entrance of the establishment.<br><br>However, it is recommended that parents take their children's temperature regularly.<\/p><\/div><\/div><\/td><\/tr><\/tbody><\/table><\/div><\/div>\n\n<p>Thanks to connected patch thermometers like <a href=\"http:\/\/www.e-takescare.com\/produit\/tucky\" target=\"_blank\" rel=\"noopener\">Tucky<\/a>\u00a0, you can<strong> continuously monitor your children&#8217;s temperature wherever you are? If the fever persists over several days? Don&#8217;t delay in consulting a health professional and don&#8217;t hesitate to present the temperature curve to help him\/her make a diagnosis!<\/strong><\/p>\n<h2><\/h2>\n<h2>SOURCES :<\/h2>\n<p>Minist\u00e8re de l&#8217;\u00e9ducation nationale , de la jeunesse et des sports : <a href=\"https:\/\/www.education.gouv.fr\/protocole-sanitaire-des-ecoles-et-etablissements-scolaires-annee-scolaire-2020-2021-305630\" target=\"_blank\" rel=\"noopener\">Read the sanitary protocol<\/a><\/p>\n<p>Gouvernement.fr :\u00a0 <a href=\"https:\/\/www.gouvernement.fr\/info-coronavirus\/retour-a-l-ecole?xtor=SEC-3-GOO-[]-[436311243837]-S-[%2Bprotocole%20%2Bsanitaire%20%2B%C3%A9cole]\" target=\"_blank\" rel=\"noopener\">Watch the movie<\/a><\/p>\n<p>Ministerio de Educaci\u00f3n y Formaci\u00f3n Profesional : <a href=\"https:\/\/www.educacionyfp.gob.es\/prensa\/actualidad\/2020\/08\/20200827-actuacionescoordinadas.html\" target=\"_blank\" rel=\"noopener\">Read the article<\/a><\/p>\n<p>GOV. UK : <a href=\"https:\/\/www.gov.uk\/government\/publications\/actions-for-schools-during-the-coronavirus-outbreak\/guidance-for-full-opening-schools\" target=\"_blank\" rel=\"noopener\">Read the measures<\/a><\/p>\n<p>&nbsp;<\/p>\n<p>&nbsp;<\/p>\n<p>&nbsp;<\/p>\n<p>&nbsp;<\/p>\n<p>&nbsp;<\/p>","protected":false},"excerpt":{"rendered":"<p>Sorry, this entry is only available in Fran\u00e7ais. For the sake of viewer convenience, the content is shown below in the alternative language. You may click the link to switch the active language. Au revoir les vacances\u00a0! Bonjour la rentr\u00e9e pour les enfants ! C&#8217;est dans un contexte sanitaire in\u00e9dit que des millions d&#8217;\u00e9l\u00e8ves fran\u00e7ais,&hellip;<\/p>\n","protected":false},"author":2,"featured_media":12298,"comment_status":"closed","ping_status":"open","sticky":false,"template":"","format":"standard","meta":{"footnotes":""},"categories":[173],"tags":[],"table_tags":[],"class_list":["post-12233","post","type-post","status-publish","format-standard","has-post-thumbnail","hentry","category-child-health"],"_links":{"self":[{"href":"https:\/\/www.e-takescare.com\/en\/wp-json\/wp\/v2\/posts\/12233","targetHints":{"allow":["GET"]}}],"collection":[{"href":"https:\/\/www.e-takescare.com\/en\/wp-json\/wp\/v2\/posts"}],"about":[{"href":"https:\/\/www.e-takescare.com\/en\/wp-json\/wp\/v2\/types\/post"}],"author":[{"embeddable":true,"href":"https:\/\/www.e-takescare.com\/en\/wp-json\/wp\/v2\/users\/2"}],"replies":[{"embeddable":true,"href":"https:\/\/www.e-takescare.com\/en\/wp-json\/wp\/v2\/comments?post=12233"}],"version-history":[{"count":39,"href":"https:\/\/www.e-takescare.com\/en\/wp-json\/wp\/v2\/posts\/12233\/revisions"}],"predecessor-version":[{"id":12300,"href":"https:\/\/www.e-takescare.com\/en\/wp-json\/wp\/v2\/posts\/12233\/revisions\/12300"}],"wp:featuredmedia":[{"embeddable":true,"href":"https:\/\/www.e-takescare.com\/en\/wp-json\/wp\/v2\/media\/12298"}],"wp:attachment":[{"href":"https:\/\/www.e-takescare.com\/en\/wp-json\/wp\/v2\/media?parent=12233"}],"wp:term":[{"taxonomy":"category","embeddable":true,"href":"https:\/\/www.e-takescare.com\/en\/wp-json\/wp\/v2\/categories?post=12233"},{"taxonomy":"post_tag","embeddable":true,"href":"https:\/\/www.e-takescare.com\/en\/wp-json\/wp\/v2\/tags?post=12233"},{"taxonomy":"table_tags","embeddable":true,"href":"https:\/\/www.e-takescare.com\/en\/wp-json\/wp\/v2\/table_tags?post=12233"}],"curies":[{"name":"wp","href":"https:\/\/api.w.org\/{rel}","templated":true}]}}