{"id":12233,"date":"2020-08-31T14:47:35","date_gmt":"2020-08-31T13:47:35","guid":{"rendered":"http:\/\/www.e-takescare.com\/?p=12233"},"modified":"2024-12-16T11:37:32","modified_gmt":"2024-12-16T10:37:32","slug":"back-to-school-france-spain-england","status":"publish","type":"post","link":"https:\/\/www.e-takescare.com\/es\/blog\/child-health\/back-to-school-france-spain-england","title":{"rendered":"Back to school in France, Spain and England"},"content":{"rendered":"<p><\/p>\n<blockquote><p><em><strong>\u00a1Adi\u00f3s a las vacaciones! \u00a1Hola a los ni\u00f1os de vuelta a la escuela!<\/strong> En un nuevo contexto sanitario, millones de alumnos franceses, espa\u00f1oles y brit\u00e1nicos vuelven a la escuela. Para limitar la propagaci\u00f3n del virus y tranquilizar a los padres, estudiantes y profesores, los diferentes gobiernos se est\u00e1n organizando y revelando sus protocolos de salud. Si est\u00e1n de acuerdo en la necesidad de volver a la escuela, se distinguen por las medidas anunciadas.<\/em><\/p><\/blockquote>\n<p><!--more--><\/p>\n<h2>\u00bf Es obligatorio volver a la escuela ?<\/h2>\n<div class=\"wptb-table-container wptb-table-12279\"><div class=\"wptb-table-container-matrix\" id=\"wptb-table-id-12279\" data-wptb-version=\"1.6.4\" data-wptb-pro-status=\"false\"><table class=\"wptb-preview-table wptb-element-main-table_setting-12279\" data-reconstraction=\"1\" style=\"border: 6px solid rgb(106, 172, 218);\" data-wptb-table-tds-sum-max-width=\"142\" data-wptb-cells-width-auto-count=\"1\" data-wptb-header-background-color=\"#ffffff\" data-wptb-even-row-background-color=\"#ffffff\" data-table-columns=\"1\"><tbody><tr class=\"wptb-row\" style=\"background-color: rgb(255, 255, 255);\"><td class=\"wptb-cell\" style=\"border-width: 5px; border-style: solid; border-color: rgb(106, 172, 218);\" data-wptb-css-td-auto-width=\"true\"><div class=\"wptb-text-container wptb-ph-element wptb-element-text-1\" style=\"font-size: 20px; color: rgb(238, 127, 0);\"><div class=\"\" style=\"position: relative;\"><p style=\"text-align: center;\"><strong>FRANCIA \/&nbsp;ESPA&Ntilde;A \/&nbsp;INGLATERRA<\/strong><\/p><\/div><\/div><\/td><\/tr><tr class=\"wptb-row\" style=\"background-color: rgb(255, 255, 255);\"><td class=\"wptb-cell\" style=\"border-width: 5px; border-style: solid; border-color: rgb(106, 172, 218);\" data-wptb-css-td-auto-width=\"true\"><div class=\"wptb-text-container wptb-ph-element wptb-element-text-2\"><div class=\"\" style=\"position: relative;\"><p>S&iacute;, con algunas excepciones :<\/p><\/div><\/div><div class=\"wptb-list-container wptb-ph-element wptb-element-list-1\"><ul>            <li class=\"wptb-in-element\">                <div class=\"wptb-list-item-content\" style=\"position: relative;\"><p data-list-style-type-index=\"1.\">Si su hijo tiene s&iacute;ntomas<\/p><\/div>            <\/li>            <li class=\"wptb-in-element\">                <div class=\"wptb-list-item-content\" style=\"position: relative;\"><p data-list-style-type-index=\"2.\">Si su hijo ha estado en contacto con una persona que tiene s&iacute;ntomas&nbsp;<\/p><\/div>            <\/li>            <li class=\"wptb-in-element\">                <div class=\"wptb-list-item-content\" style=\"position: relative;\"><p data-list-style-type-index=\"3.\">Opini&oacute;n adversa del m&eacute;dico tratante<\/p><\/div>            <\/li>        <\/ul><\/div><\/td><\/tr><\/tbody><\/table><\/div><\/div>\n\n<p>&nbsp;<\/p>\n<h2>\u00bf Sus hijos tendr\u00e1n que usar mascarillas ?<\/h2>\n<div class=\"wptb-table-container wptb-table-12280\"><div class=\"wptb-table-container-matrix\" id=\"wptb-table-id-12280\" data-wptb-version=\"1.6.4\" data-wptb-pro-status=\"false\"><table class=\"wptb-preview-table wptb-element-main-table_setting-12280\" data-reconstraction=\"1\" style=\"border: 5px solid rgb(106, 172, 218);\" data-wptb-table-tds-sum-max-width=\"410\" data-wptb-cells-width-auto-count=\"3\" data-wptb-header-background-color=\"#ffffff\" data-wptb-even-row-background-color=\"#ffffff\" data-table-columns=\"3\"><tbody><tr class=\"wptb-row\" style=\"background-color: rgb(255, 255, 255);\"><td class=\"wptb-cell\" style=\"border-width: 5px; border-style: solid; border-color: rgb(106, 172, 218);\" data-wptb-css-td-auto-width=\"true\"><div class=\"wptb-text-container wptb-ph-element wptb-element-text-1\" style=\"color: rgb(238, 127, 0); font-size: 20px;\"><div class=\"\" style=\"position: relative;\"><p style=\"text-align: center;\"><strong>FRANCIA<\/strong><\/p><\/div><\/div><\/td><td class=\"wptb-cell\" style=\"border-width: 5px; border-style: solid; border-color: rgb(106, 172, 218);\" data-wptb-css-td-auto-width=\"true\"><div class=\"wptb-text-container wptb-ph-element wptb-element-text-2\" style=\"color: rgb(238, 127, 0); font-size: 20px;\"><div class=\"\" style=\"position: relative;\"><p style=\"text-align: center;\"><strong>ESPA&Ntilde;A<\/strong><\/p><\/div><\/div><\/td><td class=\"wptb-cell\" style=\"border-width: 5px; border-style: solid; border-color: rgb(106, 172, 218);\" data-wptb-css-td-auto-width=\"true\"><div class=\"wptb-text-container wptb-ph-element wptb-element-text-3\" style=\"font-size: 20px; color: rgb(238, 127, 0);\"><div class=\"\" style=\"position: relative;\"><p style=\"text-align: center;\"><strong>INGLATERRA<\/strong><\/p><\/div><\/div><\/td><\/tr><tr class=\"wptb-row\" style=\"background-color: rgb(255, 255, 255);\"><td class=\"wptb-cell\" style=\"border-width: 5px; border-style: solid; border-color: rgb(106, 172, 218);\" data-wptb-css-td-auto-width=\"true\"><div class=\"wptb-text-container wptb-ph-element wptb-element-text-4\"><div class=\"\" style=\"position: relative;\"><p>El uso de una mascarilla es obligatorio a partir de los 11 a&ntilde;os.<br><br>Alumnos deben usar una mascarilla:<\/p><\/div><\/div><div class=\"wptb-list-container wptb-ph-element wptb-element-list-1\"><ul>            <li class=\"wptb-in-element\">                <div class=\"wptb-list-item-content\" style=\"position: relative;\"><p data-list-style-type-index=\"1.\">En clase<\/p><\/div>            <\/li>            <li class=\"wptb-in-element\">                <div class=\"wptb-list-item-content\" style=\"position: relative;\"><p data-list-style-type-index=\"2.\">En los pasillos<\/p><\/div>            <\/li>            <li class=\"wptb-in-element\">                <div class=\"wptb-list-item-content\" style=\"position: relative;\"><p data-list-style-type-index=\"3.\">Durante el recreo<\/p><\/div>            <\/li>        <\/ul><\/div><\/td><td class=\"wptb-cell\" style=\"border-width: 5px; border-style: solid; border-color: rgb(106, 172, 218);\" data-wptb-css-td-auto-width=\"true\"><div class=\"wptb-text-container wptb-ph-element wptb-element-text-5\"><div class=\"\" style=\"position: relative;\"><p>El uso de una mascarilla es obligatorio a partir de los 6 a&ntilde;os.<\/p><\/div><\/div><\/td><td class=\"wptb-cell\" style=\"border-width: 5px; border-style: solid; border-color: rgb(106, 172, 218);\" data-wptb-css-td-auto-width=\"true\"><div class=\"wptb-text-container wptb-ph-element wptb-element-text-6\"><div class=\"\" style=\"position: relative;\"><p>El uso de una mascarilla es obligatorio a partir de los 11 a&ntilde;os solamente en los pasillos y en las partes communes.&nbsp;<br><br>En clase, no se obligatorio.&nbsp;<\/p><\/div><\/div><\/td><\/tr><\/tbody><\/table><\/div><\/div>\n\n<p>&nbsp;<\/p>\n<h2>\u00bfDeber\u00edan las escuelas aplicar el distanciamiento social?<\/h2>\n<div class=\"wptb-table-container wptb-table-12281\"><div class=\"wptb-table-container-matrix\" id=\"wptb-table-id-12281\" data-wptb-version=\"1.6.4\" data-wptb-pro-status=\"false\"><table class=\"wptb-preview-table wptb-element-main-table_setting-12280\" data-reconstraction=\"1\" style=\"border: 5px solid rgb(106, 172, 218);\" data-wptb-table-tds-sum-max-width=\"410\" data-wptb-cells-width-auto-count=\"3\" data-wptb-header-background-color=\"#ffffff\" data-wptb-even-row-background-color=\"#ffffff\" data-table-columns=\"3\"><tbody><tr class=\"wptb-row\" style=\"background-color: rgb(255, 255, 255);\"><td class=\"wptb-cell\" style=\"border-width: 5px; border-style: solid; border-color: rgb(106, 172, 218);\" data-wptb-css-td-auto-width=\"true\"><div class=\"wptb-text-container wptb-ph-element wptb-element-text-1\" style=\"color: rgb(238, 127, 0); font-size: 20px;\"><div class=\"\" style=\"position: relative;\"><p style=\"text-align: center;\"><strong>FRANCIA<\/strong><\/p><\/div><\/div><\/td><td class=\"wptb-cell\" style=\"border-width: 5px; border-style: solid; border-color: rgb(106, 172, 218);\" data-wptb-css-td-auto-width=\"true\"><div class=\"wptb-text-container wptb-ph-element wptb-element-text-2\" style=\"color: rgb(238, 127, 0); font-size: 20px;\"><div class=\"\" style=\"position: relative;\"><p style=\"text-align: center;\"><strong>ESPA&Ntilde;A<\/strong><\/p><\/div><\/div><\/td><td class=\"wptb-cell\" style=\"border-width: 5px; border-style: solid; border-color: rgb(106, 172, 218);\" data-wptb-css-td-auto-width=\"true\"><div class=\"wptb-text-container wptb-ph-element wptb-element-text-3\" style=\"font-size: 20px; color: rgb(238, 127, 0);\"><div class=\"\" style=\"position: relative;\"><p style=\"text-align: center;\"><strong>INGLATERRA<\/strong><\/p><\/div><\/div><\/td><\/tr><tr class=\"wptb-row\" style=\"background-color: rgb(255, 255, 255);\"><td class=\"wptb-cell\" style=\"border-width: 5px; border-style: solid; border-color: rgb(106, 172, 218);\" data-wptb-css-td-auto-width=\"true\"><div class=\"wptb-text-container wptb-ph-element wptb-element-text-4\"><div class=\"\" style=\"position: relative;\"><p>El distanciamiento social no es obligatorio.<br><br>Sin embargo, se sigue recomendando cuando es materialmente posible.<\/p><\/div><\/div><\/td><td class=\"wptb-cell\" style=\"border-width: 5px; border-style: solid; border-color: rgb(106, 172, 218);\" data-wptb-css-td-auto-width=\"true\"><div class=\"wptb-text-container wptb-ph-element wptb-element-text-6\"><div class=\"\" style=\"position: relative;\"><p>Para los estudiantes de secundaria y preparatoria, el distanciamiento social es obligatorio. De hecho, las mesas de las habitaciones est&aacute;n separadas 1,5 metros. <br><br>Para los jardines de infancia y las escuelas primarias, se crean grupos. El objetivo es limitar los contactos (contactos s&oacute;lo dentro del mismo grupo). <\/p><\/div><\/div><\/td><td class=\"wptb-cell\" style=\"border-width: 5px; border-style: solid; border-color: rgb(106, 172, 218);\" data-wptb-css-td-auto-width=\"true\"><div class=\"wptb-text-container wptb-ph-element wptb-element-text-5\"><div class=\"\" style=\"position: relative;\"><p>El distanciamiento social no es obligatorio.<br><br>Sin embargo, se sigue recomendando cuando es materialmente posible.<\/p><\/div><\/div><\/td><\/tr><\/tbody><\/table><\/div><\/div>\n\n<p>&nbsp;<\/p>\n<h2>\u00bf Cu\u00e1ntas veces deben lavarse las manos los alumnos ?<\/h2>\n<div class=\"wptb-table-container wptb-table-12282\"><div class=\"wptb-table-container-matrix\" id=\"wptb-table-id-12282\" data-wptb-version=\"1.6.4\" data-wptb-pro-status=\"false\"><table class=\"wptb-preview-table wptb-element-main-table_setting-12280\" data-reconstraction=\"1\" style=\"border: 5px solid rgb(106, 172, 218);\" data-wptb-table-tds-sum-max-width=\"410\" data-wptb-cells-width-auto-count=\"3\" data-wptb-header-background-color=\"#ffffff\" data-wptb-even-row-background-color=\"#ffffff\" data-table-columns=\"3\"><tbody><tr class=\"wptb-row\" style=\"background-color: rgb(255, 255, 255);\"><td class=\"wptb-cell\" style=\"border-width: 5px; border-style: solid; border-color: rgb(106, 172, 218);\" data-wptb-css-td-auto-width=\"true\"><div class=\"wptb-text-container wptb-ph-element wptb-element-text-1\" style=\"color: rgb(238, 127, 0); font-size: 20px;\"><div class=\"\" style=\"position: relative;\"><p style=\"text-align: center;\"><strong>FRANCIA<\/strong><\/p><\/div><\/div><\/td><td class=\"wptb-cell\" style=\"border-width: 5px; border-style: solid; border-color: rgb(106, 172, 218);\" data-wptb-css-td-auto-width=\"true\"><div class=\"wptb-text-container wptb-ph-element wptb-element-text-2\" style=\"color: rgb(238, 127, 0); font-size: 20px;\"><div class=\"\" style=\"position: relative;\"><p style=\"text-align: center;\"><strong>ESPA&Ntilde;A<\/strong><\/p><\/div><\/div><\/td><td class=\"wptb-cell\" style=\"border-width: 5px; border-style: solid; border-color: rgb(106, 172, 218);\" data-wptb-css-td-auto-width=\"true\"><div class=\"wptb-text-container wptb-ph-element wptb-element-text-3\" style=\"font-size: 20px; color: rgb(238, 127, 0);\"><div class=\"\" style=\"position: relative;\"><p style=\"text-align: center;\"><strong>INGLATERRA<\/strong><\/p><\/div><\/div><\/td><\/tr><tr class=\"wptb-row\" style=\"background-color: rgb(255, 255, 255);\"><td class=\"wptb-cell\" style=\"border-width: 5px; border-style: solid; border-color: rgb(106, 172, 218);\" data-wptb-css-td-auto-width=\"true\"><div class=\"wptb-text-container wptb-ph-element wptb-element-text-4\"><div class=\"\" style=\"position: relative;\"><p>Los alumnos deben lavarse las manos al menos:<\/p><\/div><\/div><div class=\"wptb-list-container wptb-ph-element wptb-element-list-1\"><ul>            <li class=\"wptb-in-element\">                <div class=\"wptb-list-item-content\" style=\"position: relative;\"><p data-list-style-type-index=\"1.\">Al llegar a la escuela<\/p><\/div>            <\/li>            <li class=\"wptb-in-element\">                <div class=\"wptb-list-item-content\" style=\"position: relative;\"><p data-list-style-type-index=\"2.\">Antes de comer<\/p><\/div>            <\/li>            <li class=\"wptb-in-element\">                <div class=\"wptb-list-item-content\" style=\"position: relative;\"><p data-list-style-type-index=\"3.\">Despues de ir al&nbsp;ba&ntilde;o<br><\/p><\/div>            <\/li><li class=\"wptb-in-element\">                <div class=\"wptb-list-item-content\" style=\"position: relative;\"><p data-list-style-type-index=\"4.\">Antes de volver a casa<\/p><\/div>            <\/li>        <\/ul><\/div><\/td><td class=\"wptb-cell\" style=\"border-width: 5px; border-style: solid; border-color: rgb(106, 172, 218);\" data-wptb-css-td-auto-width=\"true\"><div class=\"wptb-text-container wptb-ph-element wptb-element-text-5\"><div class=\"\" style=\"position: relative;\"><p>Los alumnos deben lavarse las manos al menos 5 veces por&nbsp;d&iacute;a.&nbsp;&nbsp;<\/p><\/div><\/div><\/td><td class=\"wptb-cell\" style=\"border-width: 5px; border-style: solid; border-color: rgb(106, 172, 218);\" data-wptb-css-td-auto-width=\"true\"><div class=\"wptb-text-container wptb-ph-element wptb-element-text-6\"><div class=\"\" style=\"position: relative;\"><p>Los alumnos deben lavarse las manos al menos:<\/p><\/div><\/div><div class=\"wptb-list-container wptb-ph-element wptb-element-list-2\"><ul>            <li class=\"wptb-in-element\">                <div class=\"wptb-list-item-content\" style=\"position: relative;\"><p data-list-style-type-index=\"1.\">Al llegar a la escuela<\/p><\/div>            <\/li>            <li class=\"wptb-in-element\">                <div class=\"wptb-list-item-content\" style=\"position: relative;\"><p data-list-style-type-index=\"2.\">Despu&eacute;s del recreo<\/p><\/div>            <\/li>            <li class=\"wptb-in-element\">                <div class=\"wptb-list-item-content\" style=\"position: relative;\"><p data-list-style-type-index=\"3.\">Cuando el alumno cambia de clase<\/p><\/div>            <\/li><li class=\"wptb-in-element\">                <div class=\"wptb-list-item-content\" style=\"position: relative;\"><p data-list-style-type-index=\"4.\">Antes y despu&eacute;s comer<\/p><\/div>            <\/li>        <\/ul><\/div><\/td><\/tr><\/tbody><\/table><\/div><\/div>\n\n<p>&nbsp;<\/p>\n<h2>\u00bfSE TOMAR\u00c1 LA TEMPERATURA DE SUS HIJOS A LA ENTRADA DE La escuela ?<\/h2>\n<div class=\"wptb-table-container wptb-table-12283\"><div class=\"wptb-table-container-matrix\" id=\"wptb-table-id-12283\" data-wptb-version=\"1.6.4\" data-wptb-pro-status=\"false\"><table class=\"wptb-preview-table wptb-element-main-table_setting-12280\" data-reconstraction=\"1\" style=\"border: 5px solid rgb(106, 172, 218);\" data-wptb-table-tds-sum-max-width=\"410\" data-wptb-cells-width-auto-count=\"3\" data-wptb-header-background-color=\"#ffffff\" data-wptb-even-row-background-color=\"#ffffff\" data-table-columns=\"3\"><tbody><tr class=\"wptb-row\" style=\"background-color: rgb(255, 255, 255);\"><td class=\"wptb-cell\" style=\"border-width: 5px; border-style: solid; border-color: rgb(106, 172, 218);\" data-wptb-css-td-auto-width=\"true\"><div class=\"wptb-text-container wptb-ph-element wptb-element-text-1\" style=\"color: rgb(238, 127, 0); font-size: 20px;\"><div class=\"\" style=\"position: relative;\"><p style=\"text-align: center;\"><strong>FRANCIA<\/strong><\/p><\/div><\/div><\/td><td class=\"wptb-cell\" style=\"border-width: 5px; border-style: solid; border-color: rgb(106, 172, 218);\" data-wptb-css-td-auto-width=\"true\"><div class=\"wptb-text-container wptb-ph-element wptb-element-text-2\" style=\"color: rgb(238, 127, 0); font-size: 20px;\"><div class=\"\" style=\"position: relative;\"><p style=\"text-align: center;\"><strong>ESPA&Ntilde;A<\/strong><\/p><\/div><\/div><\/td><td class=\"wptb-cell\" style=\"border-width: 5px; border-style: solid; border-color: rgb(106, 172, 218);\" data-wptb-css-td-auto-width=\"true\"><div class=\"wptb-text-container wptb-ph-element wptb-element-text-3\" style=\"font-size: 20px; color: rgb(238, 127, 0);\"><div class=\"\" style=\"position: relative;\"><p style=\"text-align: center;\"><strong>INGLATERRA<\/strong><\/p><\/div><\/div><\/td><\/tr><tr class=\"wptb-row\" style=\"background-color: rgb(255, 255, 255);\"><td class=\"wptb-cell\" style=\"border-width: 5px; border-style: solid; border-color: rgb(106, 172, 218);\" data-wptb-css-td-auto-width=\"true\"><div class=\"wptb-text-container wptb-ph-element wptb-element-text-4\"><div class=\"\" style=\"position: relative;\"><p>La temperatura no se tomar&aacute; necesariamente a la entrada de la escuela.&nbsp;<br><br>Sin embargo, se recomienda que los padres tomen la temperatura de sus hijos con regularidad.<\/p><\/div><\/div><\/td><td class=\"wptb-cell\" style=\"border-width: 5px; border-style: solid; border-color: rgb(106, 172, 218);\" data-wptb-css-td-auto-width=\"true\"><div class=\"wptb-text-container wptb-ph-element wptb-element-text-6\"><div class=\"\" style=\"position: relative;\"><p>La temperatura se tomar&aacute; cada ma&ntilde;ana a la entrada de la escuela.<br><br>Adem&aacute;s , se invita a los padres a controlar regularmente la temperatura de sus hijos.<\/p><\/div><\/div><\/td><td class=\"wptb-cell\" style=\"border-width: 5px; border-style: solid; border-color: rgb(106, 172, 218);\" data-wptb-css-td-auto-width=\"true\"><div class=\"wptb-text-container wptb-ph-element wptb-element-text-5\"><div class=\"\" style=\"position: relative;\"><p>La temperatura no se tomar&aacute; necesariamente a la entrada de la escuela.&nbsp;<br><br>Sin embargo, se recomienda que los padres tomen la temperatura de sus hijos con regularidad.<\/p><\/div><\/div><\/td><\/tr><\/tbody><\/table><\/div><\/div>\n\n<p>Gracias a los term\u00f3metros de parche conectados como el\u00a0<a href=\"http:\/\/www.e-takescare.com\/produit\/tucky\" target=\"_blank\" rel=\"noopener\">Tucky<\/a>\u00a0 puedes <strong>controlar continuamente la temperatura de tus hijos dondequiera que est\u00e9s. Si la fiebre persiste durante varios d\u00edas&#8230; No demore en consultar a un profesional de la salud y no dude en presentar la curva de temperatura para ayudarle a establecer su diagn\u00f3stico! <\/strong><\/p>\n<h2><\/h2>\n<h2>Fuentes :<\/h2>\n<p>Minist\u00e8re de l&#8217;\u00e9ducation nationale , de la jeunesse et des sports :\u00a0<a href=\"https:\/\/www.education.gouv.fr\/protocole-sanitaire-des-ecoles-et-etablissements-scolaires-annee-scolaire-2020-2021-305630\" target=\"_blank\" rel=\"noopener\">Leer el protocolo sanitario<\/a><\/p>\n<p>Gouvernement.fr : <a href=\"https:\/\/www.gouvernement.fr\/info-coronavirus\/retour-a-l-ecole?xtor=SEC-3-GOO-[]-[436311243837]-S-[%2Bprotocole%20%2Bsanitaire%20%2B%C3%A9cole]\" target=\"_blank\" rel=\"noopener\">Mirar la pelicula<\/a><\/p>\n<p>Ministerio de Educaci\u00f3n y Formaci\u00f3n Profesional : <a href=\"https:\/\/www.educacionyfp.gob.es\/prensa\/actualidad\/2020\/08\/20200827-actuacionescoordinadas.html\" target=\"_blank\" rel=\"noopener\">Leer el articulo<\/a><\/p>\n<p>GOV. UK :\u00a0<a href=\"https:\/\/www.gov.uk\/government\/publications\/actions-for-schools-during-the-coronavirus-outbreak\/guidance-for-full-opening-schools\" target=\"_blank\" rel=\"noopener\">Leer las medidas<\/a><\/p>\n<p>&nbsp;<\/p>\n<p>&nbsp;<\/p>\n<p>&nbsp;<\/p>","protected":false},"excerpt":{"rendered":"<p>Disculpa, pero esta entrada est\u00e1 disponible s\u00f3lo en Fran\u00e7ais. For the sake of viewer convenience, the content is shown below in the alternative language. You may click the link to switch the active language. Au revoir les vacances\u00a0! Bonjour la rentr\u00e9e pour les enfants ! C&#8217;est dans un contexte sanitaire in\u00e9dit que des millions d&#8217;\u00e9l\u00e8ves&hellip;<\/p>\n","protected":false},"author":2,"featured_media":12298,"comment_status":"closed","ping_status":"open","sticky":false,"template":"","format":"standard","meta":{"footnotes":""},"categories":[173],"tags":[],"table_tags":[],"class_list":["post-12233","post","type-post","status-publish","format-standard","has-post-thumbnail","hentry","category-child-health"],"_links":{"self":[{"href":"https:\/\/www.e-takescare.com\/es\/wp-json\/wp\/v2\/posts\/12233","targetHints":{"allow":["GET"]}}],"collection":[{"href":"https:\/\/www.e-takescare.com\/es\/wp-json\/wp\/v2\/posts"}],"about":[{"href":"https:\/\/www.e-takescare.com\/es\/wp-json\/wp\/v2\/types\/post"}],"author":[{"embeddable":true,"href":"https:\/\/www.e-takescare.com\/es\/wp-json\/wp\/v2\/users\/2"}],"replies":[{"embeddable":true,"href":"https:\/\/www.e-takescare.com\/es\/wp-json\/wp\/v2\/comments?post=12233"}],"version-history":[{"count":39,"href":"https:\/\/www.e-takescare.com\/es\/wp-json\/wp\/v2\/posts\/12233\/revisions"}],"predecessor-version":[{"id":12300,"href":"https:\/\/www.e-takescare.com\/es\/wp-json\/wp\/v2\/posts\/12233\/revisions\/12300"}],"wp:featuredmedia":[{"embeddable":true,"href":"https:\/\/www.e-takescare.com\/es\/wp-json\/wp\/v2\/media\/12298"}],"wp:attachment":[{"href":"https:\/\/www.e-takescare.com\/es\/wp-json\/wp\/v2\/media?parent=12233"}],"wp:term":[{"taxonomy":"category","embeddable":true,"href":"https:\/\/www.e-takescare.com\/es\/wp-json\/wp\/v2\/categories?post=12233"},{"taxonomy":"post_tag","embeddable":true,"href":"https:\/\/www.e-takescare.com\/es\/wp-json\/wp\/v2\/tags?post=12233"},{"taxonomy":"table_tags","embeddable":true,"href":"https:\/\/www.e-takescare.com\/es\/wp-json\/wp\/v2\/table_tags?post=12233"}],"curies":[{"name":"wp","href":"https:\/\/api.w.org\/{rel}","templated":true}]}}